{"id":5912,"date":"2024-06-06T10:32:42","date_gmt":"2024-06-06T08:32:42","guid":{"rendered":"https:\/\/www.trappistwestmalle.be\/blog\/le-nouveau-verre-westmalle-extra-un-hommage-a-la-tradition-et-a-linnovation\/"},"modified":"2025-11-10T13:30:45","modified_gmt":"2025-11-10T11:30:45","slug":"le-nouveau-verre-westmalle-extra-un-hommage-a-la-tradition-et-a-linnovation","status":"publish","type":"post","link":"https:\/\/www.trappistwestmalle.be\/fr\/blog\/le-nouveau-verre-westmalle-extra-un-hommage-a-la-tradition-et-a-linnovation\/","title":{"rendered":"Le nouveau verre Westmalle Extra : un hommage \u00e0 la tradition et \u00e0 l&rsquo;innovation"},"content":{"rendered":"\n<p><\/p>\n<div class=\"w-txt\">\n    <div class=\"wrapper\">\n        <div class=\"w-txt-content\">\n              \n            <p>Chez Westmalle, nous aimons la tradition, mais nous n&rsquo;avons pas peur de l&rsquo;innovation non plus. Le nouveau verre de <a href=\"https:\/\/www.trappistwestmalle.be\/fr\/bieres-trappistes\/westmalle-extra\/\">Westmalle Extra<\/a> est un excellent exemple de cette combinaison. Dans cet article de blog, nous vous invitons \u00e0 suivre le parcours que nous avons r\u00e9alis\u00e9 pour cr\u00e9er ce verre sp\u00e9cial.<\/p>\n        <\/div>\n    <\/div>\n<\/div><div class=\"w-txt-ph ph-align-left\">\n    <div class=\"wrapper\">\t\t\t\t<div class=\"w-txt-ph-image\">\n            <div class=\"objectfit objectfit-cover\">\n                <img decoding=\"async\" width=\"576\" height=\"1024\" data-src=\"https:\/\/www.trappistwestmalle.be\/wp-content\/uploads\/2024\/06\/IMG_6802-groot-576x1024.jpeg\" class=\"attachment-large size-large lazyload\" alt=\"Oude\" data-srcset=\"https:\/\/www.trappistwestmalle.be\/wp-content\/uploads\/2024\/06\/IMG_6802-groot-576x1024.jpeg 576w, https:\/\/www.trappistwestmalle.be\/wp-content\/uploads\/2024\/06\/IMG_6802-groot-169x300.jpeg 169w, https:\/\/www.trappistwestmalle.be\/wp-content\/uploads\/2024\/06\/IMG_6802-groot-300x533.jpeg 300w, https:\/\/www.trappistwestmalle.be\/wp-content\/uploads\/2024\/06\/IMG_6802-groot-600x1067.jpeg 600w, https:\/\/www.trappistwestmalle.be\/wp-content\/uploads\/2024\/06\/IMG_6802-groot.jpeg 720w\" data-sizes=\"(max-width: 576px) 100vw, 576px\" src=\"data:image\/svg+xml;base64,PHN2ZyB3aWR0aD0iMSIgaGVpZ2h0PSIxIiB4bWxucz0iaHR0cDovL3d3dy53My5vcmcvMjAwMC9zdmciPjwvc3ZnPg==\" style=\"--smush-placeholder-width: 576px; --smush-placeholder-aspect-ratio: 576\/1024;\" \/>            <\/div>\n        <\/div>\n\t\t        <div class=\"w-txt-ph-content\">\n            <h3>Un nouveau verre pour une bi\u00e8re unique <\/h3>            <p>La <a href=\"https:\/\/www.trappistwestmalle.be\/fr\/bieres-trappistes\/westmalle-extra\/\">Westmalle Extra<\/a>, avec sa teneur en alcool plus faible, m\u00e9rite un verre qui rende pleinement justice aux caract\u00e9ristiques uniques de la bi\u00e8re. C&rsquo;est pourquoi, il y a quelque temps, l&rsquo;id\u00e9e a \u00e9merg\u00e9 de concevoir un nouveau verre sp\u00e9cialement pour l&rsquo;Extra.<\/p>\n<p>Le processus de conception a commenc\u00e9 par une plong\u00e9e dans notre histoire. Nous avons trouv\u00e9 l&rsquo;inspiration dans les anciens verres coniques de Westmalle des ann\u00e9es 1920 et 1930. Ces verres, d\u00e9pourvus de base et souvent orn\u00e9s d&rsquo;impressions \u00e9maill\u00e9es et de bords argent\u00e9s, ont servi de base \u00e0 notre nouveau design. Il \u00e9tait important pour nous de cr\u00e9er un verre qui respecte la tradition tout en \u00e9tant moderne et contemporain.<\/p>\n                    <\/div>\n        <\/div>        <\/div><div class=\"w-txt-ph ph-align-right\">\n    <div class=\"wrapper\">\t\t\t\t<div class=\"w-txt-ph-image\">\n            <div class=\"objectfit objectfit-cover\">\n                <img decoding=\"async\" width=\"360\" height=\"640\" data-src=\"https:\/\/www.trappistwestmalle.be\/wp-content\/uploads\/2024\/06\/Glasfabriek-4.jpeg\" class=\"attachment-large size-large lazyload\" alt=\"Productie nieuw Extra glas\" data-srcset=\"https:\/\/www.trappistwestmalle.be\/wp-content\/uploads\/2024\/06\/Glasfabriek-4.jpeg 360w, https:\/\/www.trappistwestmalle.be\/wp-content\/uploads\/2024\/06\/Glasfabriek-4-169x300.jpeg 169w, https:\/\/www.trappistwestmalle.be\/wp-content\/uploads\/2024\/06\/Glasfabriek-4-300x533.jpeg 300w\" data-sizes=\"(max-width: 360px) 100vw, 360px\" src=\"data:image\/svg+xml;base64,PHN2ZyB3aWR0aD0iMSIgaGVpZ2h0PSIxIiB4bWxucz0iaHR0cDovL3d3dy53My5vcmcvMjAwMC9zdmciPjwvc3ZnPg==\" style=\"--smush-placeholder-width: 360px; --smush-placeholder-aspect-ratio: 360\/640;\" \/>            <\/div>\n        <\/div>\n\t\t        <div class=\"w-txt-ph-content\">\n            <h3>De la conception \u00e0 la production<\/h3>            <p>La production du nouveau verre a eu lieu au Portugal, un pays qui a une longue tradition de soufflage et de traitement du verre. Les verres sont form\u00e9s dans un moule, puis d\u00e9cor\u00e9s en Belgique. Chaque couleur y est appliqu\u00e9e individuellement, puis cuite dans un long four pendant plusieurs heures. Ce processus minutieux permet d&rsquo;obtenir un verre d&rsquo;une qualit\u00e9 et d&rsquo;une durabilit\u00e9 exceptionnelles, avec de beaux d\u00e9tails tels que le logo AW dans le fond et la d\u00e9coration en \u00e9mail.<\/p>\n                    <\/div>\n        <\/div>        <\/div><div class=\"w-txt-ph ph-align-left\">\n    <div class=\"wrapper\">\t\t\t\t<div class=\"w-txt-ph-image\">\n            <div class=\"objectfit objectfit-cover\">\n                <img decoding=\"async\" width=\"576\" height=\"1024\" data-src=\"https:\/\/www.trappistwestmalle.be\/wp-content\/uploads\/2024\/06\/00150-576x1024.jpg\" class=\"attachment-large size-large lazyload\" alt=\"\" data-srcset=\"https:\/\/www.trappistwestmalle.be\/wp-content\/uploads\/2024\/06\/00150-576x1024.jpg 576w, https:\/\/www.trappistwestmalle.be\/wp-content\/uploads\/2024\/06\/00150-169x300.jpg 169w, https:\/\/www.trappistwestmalle.be\/wp-content\/uploads\/2024\/06\/00150-768x1365.jpg 768w, https:\/\/www.trappistwestmalle.be\/wp-content\/uploads\/2024\/06\/00150-864x1536.jpg 864w, https:\/\/www.trappistwestmalle.be\/wp-content\/uploads\/2024\/06\/00150-300x533.jpg 300w, https:\/\/www.trappistwestmalle.be\/wp-content\/uploads\/2024\/06\/00150-600x1067.jpg 600w, https:\/\/www.trappistwestmalle.be\/wp-content\/uploads\/2024\/06\/00150.jpg 1080w\" data-sizes=\"(max-width: 576px) 100vw, 576px\" src=\"data:image\/svg+xml;base64,PHN2ZyB3aWR0aD0iMSIgaGVpZ2h0PSIxIiB4bWxucz0iaHR0cDovL3d3dy53My5vcmcvMjAwMC9zdmciPjwvc3ZnPg==\" style=\"--smush-placeholder-width: 576px; --smush-placeholder-aspect-ratio: 576\/1024;\" \/>            <\/div>\n        <\/div>\n\t\t        <div class=\"w-txt-ph-content\">\n            <h3>Des d\u00e9tails qui font la diff\u00e9rence<\/h3>            <p>Ce qui distingue vraiment ce nouveau verre, c&rsquo;est la combinaison d&rsquo;\u00e9l\u00e9ments historiques et modernes. La plupart des verres \u00e0 trappiste ont aujourd&rsquo;hui une forme de calice, mais pour ce nouveau verre, nous avons voulu revenir \u00e0 la forme conique d&rsquo;antan.<\/p>\n<p>Le verre a un ext\u00e9rieur lisse et arrondi avec une d\u00e9coration en \u00e9mail et un int\u00e9rieur avec dix facettes et la marque de mesure. Le fond est orn\u00e9 du logo AW et le bord inf\u00e9rieur porte la mention \u00ab\u00a0gebrouwen binnen de muren van de trappistenabdij\u00a0\u00bb, ce qui signifie \u00ab\u00a0brass\u00e9 dans les murs de l&rsquo;abbaye trappiste\u00a0\u00bb. Ce d\u00e9tail est l&rsquo;une des conditions d&rsquo;utilisation de la marque \u00ab\u00a0trappiste\u00a0\u00bb, telle que contr\u00f4l\u00e9e par <a href=\"https:\/\/www.trappist.be\/de-vereniging\/atp-label\/\">l&rsquo;International Trappist Association (ITA)<\/a>.<\/p>\n                    <\/div>\n        <\/div>        <\/div><div class=\"w-txt-ph ph-align-right\">\n    <div class=\"wrapper\">\t\t\t\t<div class=\"w-txt-ph-image\">\n            <div class=\"objectfit objectfit-cover\">\n                <img decoding=\"async\" width=\"576\" height=\"1024\" data-src=\"https:\/\/www.trappistwestmalle.be\/wp-content\/uploads\/2024\/06\/IMG_6797-groot-576x1024.jpeg\" class=\"attachment-large size-large lazyload\" alt=\"\" data-srcset=\"https:\/\/www.trappistwestmalle.be\/wp-content\/uploads\/2024\/06\/IMG_6797-groot-576x1024.jpeg 576w, https:\/\/www.trappistwestmalle.be\/wp-content\/uploads\/2024\/06\/IMG_6797-groot-169x300.jpeg 169w, https:\/\/www.trappistwestmalle.be\/wp-content\/uploads\/2024\/06\/IMG_6797-groot-300x533.jpeg 300w, https:\/\/www.trappistwestmalle.be\/wp-content\/uploads\/2024\/06\/IMG_6797-groot-600x1067.jpeg 600w, https:\/\/www.trappistwestmalle.be\/wp-content\/uploads\/2024\/06\/IMG_6797-groot.jpeg 720w\" data-sizes=\"(max-width: 576px) 100vw, 576px\" src=\"data:image\/svg+xml;base64,PHN2ZyB3aWR0aD0iMSIgaGVpZ2h0PSIxIiB4bWxucz0iaHR0cDovL3d3dy53My5vcmcvMjAwMC9zdmciPjwvc3ZnPg==\" style=\"--smush-placeholder-width: 576px; --smush-placeholder-aspect-ratio: 576\/1024;\" \/>            <\/div>\n        <\/div>\n\t\t        <div class=\"w-txt-ph-content\">\n            <h3>Une riche tradition de verres de Westmalle <\/h3>            <p>Westmalle a toujours eu des verres sp\u00e9ciaux. Comme Westmalle a brass\u00e9 l&rsquo;une des premi\u00e8res bi\u00e8res sp\u00e9ciales, les moines ont estim\u00e9 que cette bi\u00e8re sp\u00e9ciale m\u00e9ritait \u00e9galement un verre sp\u00e9cial. La recherche du verre parfait les a mis en contact avec plusieurs fabricants de verre qui voulaient montrer leur savoir-faire. Les moines ont \u00e9t\u00e9 tellement charm\u00e9s par le travail qu&rsquo;ils ont pass\u00e9 plusieurs commandes, ce qui a donn\u00e9 lieu \u00e0 une gamme vari\u00e9e de verres.<\/p>\n<p>Entre-temps, cela fait un certain temps qu&rsquo;un nouveau verre Westmalle a \u00e9t\u00e9 mis sur le march\u00e9. Avec le nouveau verre Extra, nous ajoutons un nouveau membre \u00e0 la famille.<\/p>\n                    <\/div>\n        <\/div>        <\/div><div class=\"w-txt\">\n    <div class=\"wrapper\">\n        <div class=\"w-txt-content\">\n              \n            <p>Pour les amateurs de bi\u00e8re \u00e0 la recherche d&rsquo;un verre \u00e0 la fois fonctionnel et esth\u00e9tique, le verre Westmalle Extra offre une exp\u00e9rience de consommation parfaite. Vive la tradition et le go\u00fbt unique de Westmalle Extra !<\/p>\n        <\/div>\n    <\/div>\n<\/div>","protected":false},"excerpt":{"rendered":"<p>Chez Westmalle, nous aimons la tradition, mais nous n&rsquo;avons pas peur de l&rsquo;innovation non plus. Le nouveau verre de Westmalle Extra est un excellent exemple de cette combinaison. Dans cet article de blog, nous vous emmenons sur le chemin que nous avons emprunt\u00e9 pour cr\u00e9er ce verre sp\u00e9cial. <\/p>\n","protected":false},"author":3,"featured_media":5919,"comment_status":"closed","ping_status":"closed","sticky":false,"template":"","format":"standard","meta":{"_acf_changed":false,"footnotes":""},"tags":[],"class_list":["post-5912","post","type-post","status-publish","format-standard","has-post-thumbnail","hentry"],"acf":[],"yoast_head":"<!-- This site is optimized with the Yoast SEO plugin v27.2 - https:\/\/yoast.com\/product\/yoast-seo-wordpress\/ -->\n<title>Le nouveau verre Westmalle Extra - Trappist Westmalle<\/title>\n<meta name=\"description\" content=\"D\u00e9couvrez le nouveau verre Westmalle Extra ! Apprenez-en plus sur le processus de conception et sur tous les d\u00e9tails qui rendent ce verre unique.\" \/>\n<meta name=\"robots\" content=\"index, follow, max-snippet:-1, max-image-preview:large, max-video-preview:-1\" \/>\n<link rel=\"canonical\" href=\"https:\/\/www.trappistwestmalle.be\/fr\/blog\/le-nouveau-verre-westmalle-extra-un-hommage-a-la-tradition-et-a-linnovation\/\" \/>\n<meta property=\"og:locale\" content=\"fr_FR\" \/>\n<meta property=\"og:type\" content=\"article\" \/>\n<meta property=\"og:title\" content=\"Le nouveau verre Westmalle Extra - Trappist Westmalle\" \/>\n<meta property=\"og:description\" content=\"D\u00e9couvrez le nouveau verre Westmalle Extra ! Apprenez-en plus sur le processus de conception et sur tous les d\u00e9tails qui rendent ce verre unique.\" \/>\n<meta property=\"og:url\" content=\"https:\/\/www.trappistwestmalle.be\/fr\/blog\/le-nouveau-verre-westmalle-extra-un-hommage-a-la-tradition-et-a-linnovation\/\" \/>\n<meta property=\"og:site_name\" content=\"Trappist Westmalle\" \/>\n<meta property=\"article:published_time\" content=\"2024-06-06T08:32:42+00:00\" \/>\n<meta property=\"article:modified_time\" content=\"2025-11-10T11:30:45+00:00\" \/>\n<meta property=\"og:image\" content=\"https:\/\/www.trappistwestmalle.be\/wp-content\/uploads\/2024\/06\/WM24-Extra-homepage-F.jpg\" \/>\n\t<meta property=\"og:image:width\" content=\"1024\" \/>\n\t<meta property=\"og:image:height\" content=\"691\" \/>\n\t<meta property=\"og:image:type\" content=\"image\/jpeg\" \/>\n<meta name=\"author\" content=\"Elien Heylen\" \/>\n<meta name=\"twitter:card\" content=\"summary_large_image\" \/>\n<meta name=\"twitter:label1\" content=\"\u00c9crit par\" \/>\n\t<meta name=\"twitter:data1\" content=\"Elien Heylen\" \/>\n\t<meta name=\"twitter:label2\" content=\"Dur\u00e9e de lecture estim\u00e9e\" \/>\n\t<meta name=\"twitter:data2\" content=\"4 minutes\" \/>\n<script type=\"application\/ld+json\" class=\"yoast-schema-graph\">{\"@context\":\"https:\/\/schema.org\",\"@graph\":[{\"@type\":\"Article\",\"@id\":\"https:\/\/www.trappistwestmalle.be\/fr\/blog\/le-nouveau-verre-westmalle-extra-un-hommage-a-la-tradition-et-a-linnovation\/#article\",\"isPartOf\":{\"@id\":\"https:\/\/www.trappistwestmalle.be\/fr\/blog\/le-nouveau-verre-westmalle-extra-un-hommage-a-la-tradition-et-a-linnovation\/\"},\"author\":{\"name\":\"Elien Heylen\",\"@id\":\"https:\/\/www.trappistwestmalle.be\/fr\/#\/schema\/person\/03fd09c9d34c47ef944b30dc500b6b74\"},\"headline\":\"Le nouveau verre Westmalle Extra : un hommage \u00e0 la tradition et \u00e0 l&rsquo;innovation\",\"datePublished\":\"2024-06-06T08:32:42+00:00\",\"dateModified\":\"2025-11-10T11:30:45+00:00\",\"mainEntityOfPage\":{\"@id\":\"https:\/\/www.trappistwestmalle.be\/fr\/blog\/le-nouveau-verre-westmalle-extra-un-hommage-a-la-tradition-et-a-linnovation\/\"},\"wordCount\":12,\"image\":{\"@id\":\"https:\/\/www.trappistwestmalle.be\/fr\/blog\/le-nouveau-verre-westmalle-extra-un-hommage-a-la-tradition-et-a-linnovation\/#primaryimage\"},\"thumbnailUrl\":\"https:\/\/www.trappistwestmalle.be\/wp-content\/uploads\/2024\/06\/WM24-Extra-homepage-F.jpg\",\"inLanguage\":\"fr-FR\"},{\"@type\":\"WebPage\",\"@id\":\"https:\/\/www.trappistwestmalle.be\/fr\/blog\/le-nouveau-verre-westmalle-extra-un-hommage-a-la-tradition-et-a-linnovation\/\",\"url\":\"https:\/\/www.trappistwestmalle.be\/fr\/blog\/le-nouveau-verre-westmalle-extra-un-hommage-a-la-tradition-et-a-linnovation\/\",\"name\":\"Le nouveau verre Westmalle Extra - Trappist Westmalle\",\"isPartOf\":{\"@id\":\"https:\/\/www.trappistwestmalle.be\/fr\/#website\"},\"primaryImageOfPage\":{\"@id\":\"https:\/\/www.trappistwestmalle.be\/fr\/blog\/le-nouveau-verre-westmalle-extra-un-hommage-a-la-tradition-et-a-linnovation\/#primaryimage\"},\"image\":{\"@id\":\"https:\/\/www.trappistwestmalle.be\/fr\/blog\/le-nouveau-verre-westmalle-extra-un-hommage-a-la-tradition-et-a-linnovation\/#primaryimage\"},\"thumbnailUrl\":\"https:\/\/www.trappistwestmalle.be\/wp-content\/uploads\/2024\/06\/WM24-Extra-homepage-F.jpg\",\"datePublished\":\"2024-06-06T08:32:42+00:00\",\"dateModified\":\"2025-11-10T11:30:45+00:00\",\"author\":{\"@id\":\"https:\/\/www.trappistwestmalle.be\/fr\/#\/schema\/person\/03fd09c9d34c47ef944b30dc500b6b74\"},\"description\":\"D\u00e9couvrez le nouveau verre Westmalle Extra ! Apprenez-en plus sur le processus de conception et sur tous les d\u00e9tails qui rendent ce verre unique.\",\"breadcrumb\":{\"@id\":\"https:\/\/www.trappistwestmalle.be\/fr\/blog\/le-nouveau-verre-westmalle-extra-un-hommage-a-la-tradition-et-a-linnovation\/#breadcrumb\"},\"inLanguage\":\"fr-FR\",\"potentialAction\":[{\"@type\":\"ReadAction\",\"target\":[\"https:\/\/www.trappistwestmalle.be\/fr\/blog\/le-nouveau-verre-westmalle-extra-un-hommage-a-la-tradition-et-a-linnovation\/\"]}]},{\"@type\":\"ImageObject\",\"inLanguage\":\"fr-FR\",\"@id\":\"https:\/\/www.trappistwestmalle.be\/fr\/blog\/le-nouveau-verre-westmalle-extra-un-hommage-a-la-tradition-et-a-linnovation\/#primaryimage\",\"url\":\"https:\/\/www.trappistwestmalle.be\/wp-content\/uploads\/2024\/06\/WM24-Extra-homepage-F.jpg\",\"contentUrl\":\"https:\/\/www.trappistwestmalle.be\/wp-content\/uploads\/2024\/06\/WM24-Extra-homepage-F.jpg\",\"width\":1024,\"height\":691},{\"@type\":\"BreadcrumbList\",\"@id\":\"https:\/\/www.trappistwestmalle.be\/fr\/blog\/le-nouveau-verre-westmalle-extra-un-hommage-a-la-tradition-et-a-linnovation\/#breadcrumb\",\"itemListElement\":[{\"@type\":\"ListItem\",\"position\":1,\"name\":\"Home\",\"item\":\"https:\/\/www.trappistwestmalle.be\/fr\/\"},{\"@type\":\"ListItem\",\"position\":2,\"name\":\"Le nouveau verre Westmalle Extra : un hommage \u00e0 la tradition et \u00e0 l&#8217;innovation\"}]},{\"@type\":\"WebSite\",\"@id\":\"https:\/\/www.trappistwestmalle.be\/fr\/#website\",\"url\":\"https:\/\/www.trappistwestmalle.be\/fr\/\",\"name\":\"Trappist Westmalle\",\"description\":\"Abdij der Trappisten Westmalle\",\"potentialAction\":[{\"@type\":\"SearchAction\",\"target\":{\"@type\":\"EntryPoint\",\"urlTemplate\":\"https:\/\/www.trappistwestmalle.be\/fr\/?s={search_term_string}\"},\"query-input\":{\"@type\":\"PropertyValueSpecification\",\"valueRequired\":true,\"valueName\":\"search_term_string\"}}],\"inLanguage\":\"fr-FR\"},{\"@type\":\"Person\",\"@id\":\"https:\/\/www.trappistwestmalle.be\/fr\/#\/schema\/person\/03fd09c9d34c47ef944b30dc500b6b74\",\"name\":\"Elien Heylen\",\"image\":{\"@type\":\"ImageObject\",\"inLanguage\":\"fr-FR\",\"@id\":\"https:\/\/secure.gravatar.com\/avatar\/70f08e21edbe313e1ef45339eb2c8be2b980ad435ddc19f4c512305d0afc1cc7?s=96&d=mm&r=g\",\"url\":\"https:\/\/secure.gravatar.com\/avatar\/70f08e21edbe313e1ef45339eb2c8be2b980ad435ddc19f4c512305d0afc1cc7?s=96&d=mm&r=g\",\"contentUrl\":\"https:\/\/secure.gravatar.com\/avatar\/70f08e21edbe313e1ef45339eb2c8be2b980ad435ddc19f4c512305d0afc1cc7?s=96&d=mm&r=g\",\"caption\":\"Elien Heylen\"},\"url\":\"https:\/\/www.trappistwestmalle.be\/fr\/blog\/author\/elienheylen\/\"}]}<\/script>\n<!-- \/ Yoast SEO plugin. -->","yoast_head_json":{"title":"Le nouveau verre Westmalle Extra - Trappist Westmalle","description":"D\u00e9couvrez le nouveau verre Westmalle Extra ! Apprenez-en plus sur le processus de conception et sur tous les d\u00e9tails qui rendent ce verre unique.","robots":{"index":"index","follow":"follow","max-snippet":"max-snippet:-1","max-image-preview":"max-image-preview:large","max-video-preview":"max-video-preview:-1"},"canonical":"https:\/\/www.trappistwestmalle.be\/fr\/blog\/le-nouveau-verre-westmalle-extra-un-hommage-a-la-tradition-et-a-linnovation\/","og_locale":"fr_FR","og_type":"article","og_title":"Le nouveau verre Westmalle Extra - Trappist Westmalle","og_description":"D\u00e9couvrez le nouveau verre Westmalle Extra ! Apprenez-en plus sur le processus de conception et sur tous les d\u00e9tails qui rendent ce verre unique.","og_url":"https:\/\/www.trappistwestmalle.be\/fr\/blog\/le-nouveau-verre-westmalle-extra-un-hommage-a-la-tradition-et-a-linnovation\/","og_site_name":"Trappist Westmalle","article_published_time":"2024-06-06T08:32:42+00:00","article_modified_time":"2025-11-10T11:30:45+00:00","og_image":[{"width":1024,"height":691,"url":"https:\/\/www.trappistwestmalle.be\/wp-content\/uploads\/2024\/06\/WM24-Extra-homepage-F.jpg","type":"image\/jpeg"}],"author":"Elien Heylen","twitter_card":"summary_large_image","twitter_misc":{"\u00c9crit par":"Elien Heylen","Dur\u00e9e de lecture estim\u00e9e":"4 minutes"},"schema":{"@context":"https:\/\/schema.org","@graph":[{"@type":"Article","@id":"https:\/\/www.trappistwestmalle.be\/fr\/blog\/le-nouveau-verre-westmalle-extra-un-hommage-a-la-tradition-et-a-linnovation\/#article","isPartOf":{"@id":"https:\/\/www.trappistwestmalle.be\/fr\/blog\/le-nouveau-verre-westmalle-extra-un-hommage-a-la-tradition-et-a-linnovation\/"},"author":{"name":"Elien Heylen","@id":"https:\/\/www.trappistwestmalle.be\/fr\/#\/schema\/person\/03fd09c9d34c47ef944b30dc500b6b74"},"headline":"Le nouveau verre Westmalle Extra : un hommage \u00e0 la tradition et \u00e0 l&rsquo;innovation","datePublished":"2024-06-06T08:32:42+00:00","dateModified":"2025-11-10T11:30:45+00:00","mainEntityOfPage":{"@id":"https:\/\/www.trappistwestmalle.be\/fr\/blog\/le-nouveau-verre-westmalle-extra-un-hommage-a-la-tradition-et-a-linnovation\/"},"wordCount":12,"image":{"@id":"https:\/\/www.trappistwestmalle.be\/fr\/blog\/le-nouveau-verre-westmalle-extra-un-hommage-a-la-tradition-et-a-linnovation\/#primaryimage"},"thumbnailUrl":"https:\/\/www.trappistwestmalle.be\/wp-content\/uploads\/2024\/06\/WM24-Extra-homepage-F.jpg","inLanguage":"fr-FR"},{"@type":"WebPage","@id":"https:\/\/www.trappistwestmalle.be\/fr\/blog\/le-nouveau-verre-westmalle-extra-un-hommage-a-la-tradition-et-a-linnovation\/","url":"https:\/\/www.trappistwestmalle.be\/fr\/blog\/le-nouveau-verre-westmalle-extra-un-hommage-a-la-tradition-et-a-linnovation\/","name":"Le nouveau verre Westmalle Extra - Trappist Westmalle","isPartOf":{"@id":"https:\/\/www.trappistwestmalle.be\/fr\/#website"},"primaryImageOfPage":{"@id":"https:\/\/www.trappistwestmalle.be\/fr\/blog\/le-nouveau-verre-westmalle-extra-un-hommage-a-la-tradition-et-a-linnovation\/#primaryimage"},"image":{"@id":"https:\/\/www.trappistwestmalle.be\/fr\/blog\/le-nouveau-verre-westmalle-extra-un-hommage-a-la-tradition-et-a-linnovation\/#primaryimage"},"thumbnailUrl":"https:\/\/www.trappistwestmalle.be\/wp-content\/uploads\/2024\/06\/WM24-Extra-homepage-F.jpg","datePublished":"2024-06-06T08:32:42+00:00","dateModified":"2025-11-10T11:30:45+00:00","author":{"@id":"https:\/\/www.trappistwestmalle.be\/fr\/#\/schema\/person\/03fd09c9d34c47ef944b30dc500b6b74"},"description":"D\u00e9couvrez le nouveau verre Westmalle Extra ! Apprenez-en plus sur le processus de conception et sur tous les d\u00e9tails qui rendent ce verre unique.","breadcrumb":{"@id":"https:\/\/www.trappistwestmalle.be\/fr\/blog\/le-nouveau-verre-westmalle-extra-un-hommage-a-la-tradition-et-a-linnovation\/#breadcrumb"},"inLanguage":"fr-FR","potentialAction":[{"@type":"ReadAction","target":["https:\/\/www.trappistwestmalle.be\/fr\/blog\/le-nouveau-verre-westmalle-extra-un-hommage-a-la-tradition-et-a-linnovation\/"]}]},{"@type":"ImageObject","inLanguage":"fr-FR","@id":"https:\/\/www.trappistwestmalle.be\/fr\/blog\/le-nouveau-verre-westmalle-extra-un-hommage-a-la-tradition-et-a-linnovation\/#primaryimage","url":"https:\/\/www.trappistwestmalle.be\/wp-content\/uploads\/2024\/06\/WM24-Extra-homepage-F.jpg","contentUrl":"https:\/\/www.trappistwestmalle.be\/wp-content\/uploads\/2024\/06\/WM24-Extra-homepage-F.jpg","width":1024,"height":691},{"@type":"BreadcrumbList","@id":"https:\/\/www.trappistwestmalle.be\/fr\/blog\/le-nouveau-verre-westmalle-extra-un-hommage-a-la-tradition-et-a-linnovation\/#breadcrumb","itemListElement":[{"@type":"ListItem","position":1,"name":"Home","item":"https:\/\/www.trappistwestmalle.be\/fr\/"},{"@type":"ListItem","position":2,"name":"Le nouveau verre Westmalle Extra : un hommage \u00e0 la tradition et \u00e0 l&#8217;innovation"}]},{"@type":"WebSite","@id":"https:\/\/www.trappistwestmalle.be\/fr\/#website","url":"https:\/\/www.trappistwestmalle.be\/fr\/","name":"Trappist Westmalle","description":"Abdij der Trappisten Westmalle","potentialAction":[{"@type":"SearchAction","target":{"@type":"EntryPoint","urlTemplate":"https:\/\/www.trappistwestmalle.be\/fr\/?s={search_term_string}"},"query-input":{"@type":"PropertyValueSpecification","valueRequired":true,"valueName":"search_term_string"}}],"inLanguage":"fr-FR"},{"@type":"Person","@id":"https:\/\/www.trappistwestmalle.be\/fr\/#\/schema\/person\/03fd09c9d34c47ef944b30dc500b6b74","name":"Elien Heylen","image":{"@type":"ImageObject","inLanguage":"fr-FR","@id":"https:\/\/secure.gravatar.com\/avatar\/70f08e21edbe313e1ef45339eb2c8be2b980ad435ddc19f4c512305d0afc1cc7?s=96&d=mm&r=g","url":"https:\/\/secure.gravatar.com\/avatar\/70f08e21edbe313e1ef45339eb2c8be2b980ad435ddc19f4c512305d0afc1cc7?s=96&d=mm&r=g","contentUrl":"https:\/\/secure.gravatar.com\/avatar\/70f08e21edbe313e1ef45339eb2c8be2b980ad435ddc19f4c512305d0afc1cc7?s=96&d=mm&r=g","caption":"Elien Heylen"},"url":"https:\/\/www.trappistwestmalle.be\/fr\/blog\/author\/elienheylen\/"}]}},"_links":{"self":[{"href":"https:\/\/www.trappistwestmalle.be\/fr\/wp-json\/wp\/v2\/posts\/5912","targetHints":{"allow":["GET"]}}],"collection":[{"href":"https:\/\/www.trappistwestmalle.be\/fr\/wp-json\/wp\/v2\/posts"}],"about":[{"href":"https:\/\/www.trappistwestmalle.be\/fr\/wp-json\/wp\/v2\/types\/post"}],"author":[{"embeddable":true,"href":"https:\/\/www.trappistwestmalle.be\/fr\/wp-json\/wp\/v2\/users\/3"}],"replies":[{"embeddable":true,"href":"https:\/\/www.trappistwestmalle.be\/fr\/wp-json\/wp\/v2\/comments?post=5912"}],"version-history":[{"count":0,"href":"https:\/\/www.trappistwestmalle.be\/fr\/wp-json\/wp\/v2\/posts\/5912\/revisions"}],"wp:featuredmedia":[{"embeddable":true,"href":"https:\/\/www.trappistwestmalle.be\/fr\/wp-json\/wp\/v2\/media\/5919"}],"wp:attachment":[{"href":"https:\/\/www.trappistwestmalle.be\/fr\/wp-json\/wp\/v2\/media?parent=5912"}],"wp:term":[{"taxonomy":"post_tag","embeddable":true,"href":"https:\/\/www.trappistwestmalle.be\/fr\/wp-json\/wp\/v2\/tags?post=5912"}],"curies":[{"name":"wp","href":"https:\/\/api.w.org\/{rel}","templated":true}]}}